{"id":82,"date":"2016-10-19T09:48:48","date_gmt":"2016-10-19T07:48:48","guid":{"rendered":"http:\/\/www.jeg-enautist.dk\/blog\/?p=82"},"modified":"2016-10-19T09:48:48","modified_gmt":"2016-10-19T07:48:48","slug":"skift-af-medicin","status":"publish","type":"post","link":"https:\/\/www.jeg-enautist.dk\/blog\/index.php\/2016\/10\/19\/skift-af-medicin\/","title":{"rendered":"Skift af medicin"},"content":{"rendered":"<div id=\"attachment_87\" style=\"width: 219px\" class=\"wp-caption alignright\"><a href=\"http:\/\/www.jeg-enautist.dk\/blog\/wp-content\/uploads\/2016\/10\/PA180622.jpg\"><img loading=\"lazy\" decoding=\"async\" aria-describedby=\"caption-attachment-87\" class=\" wp-image-87\" src=\"http:\/\/www.jeg-enautist.dk\/blog\/wp-content\/uploads\/2016\/10\/PA180622-300x225.jpg\" alt=\"Aftenmedicin\" width=\"209\" height=\"157\" srcset=\"https:\/\/www.jeg-enautist.dk\/blog\/wp-content\/uploads\/2016\/10\/PA180622-300x225.jpg 300w, https:\/\/www.jeg-enautist.dk\/blog\/wp-content\/uploads\/2016\/10\/PA180622-619x464.jpg 619w, https:\/\/www.jeg-enautist.dk\/blog\/wp-content\/uploads\/2016\/10\/PA180622.jpg 640w\" sizes=\"auto, (max-width: 209px) 100vw, 209px\" \/><\/a><p id=\"caption-attachment-87\" class=\"wp-caption-text\">Aftenmedicin<\/p><\/div>\n<p>Da jeg fik konstateret ADHD startede jeg p\u00e5 Concerta. Det er Ritalin som depotkapsel, s\u00e5 i stedet for at man\u00a0f\u00e5r en fuld dosis og skal tage hver 3.-4. time, s\u00e5 kan man n\u00f8jes med at tage om morgenen og s\u00e5 udl\u00f8ses medicinen langsomt over dagen.<\/p>\n<p>Det virkede rigtig godt i starten &#8211; kun en smule svimmelhed de f\u00f8rste dage som bivirkning. Og s\u00e5 lidt mindre madlyst, men det gjorde bestemt ikke noget, at jeg tabte mig et par kilo!<\/p>\n<p>Men det er ligesom det virker mindre godt nu. Og s\u00e5 er der det problem, at der g\u00e5r ca. en time f\u00f8r det virker, s\u00e5 med mindre jeg vil st\u00e5 op en time f\u00f8r, s\u00e5 har det ingen effekt om morgenen f\u00f8r ungernes skoletid. Og dem der kender mig ved udem\u00e6rket hvor glad jeg er for min seng! Det samme om aftenen. Hvis jeg tager medicinen s\u00e5 den d\u00e6kker mig i ulvetimen og ved putningen, hvor jeg virkelig har brug for d\u00e6kning for at kunne hj\u00e6lpe ungerne bedst mulig, s\u00e5 kan jeg ikke sove&#8230;<\/p>\n<p>S\u00e5 jeg har unders\u00f8gt markedet og fundet et alternativ &#8211; men det er jo ikke ligefrem h\u00e5ndk\u00f8bsmedicin, s\u00e5 der skal en l\u00e6ge ind over.<\/p>\n<p>Jeg er ikke tilknyttet hverken psykiater eller sygehus. I dagens Danmark f\u00e5r man nemlig en diagnose og en recept og s\u00e5 er det ud af vagten. S\u00e5 jeg snakkede med min egen l\u00e6ge, der ikke f\u00f8lte sig tryg ved det &#8211; den slags medicin er en specialistopgave. Fuldt ud rimeligt!<\/p>\n<p>S\u00e5 han sendte en henvisning til Risskov (i april) &#8211; den blev v\u00e6k i systemet. S\u00e5 sendte han en igen, da jeg havde unders\u00f8gt hvad der var sket med den f\u00f8rste. Den fik jeg godt nok svar p\u00e5 &#8211; nemlig at det m\u00e5tte min egen l\u00e6ge klare &#8211; i modstrid med Sundhedsstyrelsens retningslinjer. S\u00e5 skrev vi endnu en sammen &#8211; og pludselig kunne jeg f\u00e5 en tid ret hurtigt. Alts\u00e5 i oktober, et halvt \u00e5r efter f\u00f8rste kontakt&#8230;<\/p>\n<p>P\u00e5 Risskov kom jeg til samtale med ikke mindre end tre l\u00e6ger: En overl\u00e6ge, en afdelingsl\u00e6ge og en reservel\u00e6ge. Heldigvis var de helt enige i min egen konklusion, s\u00e5 nu er jeg ved at skifte til en helt anden slags medicin, der f\u00f8rst virker efter nogle uger, men hvor man til geng\u00e6ld er d\u00f8gnd\u00e6kket. Det hedder Strattera.<\/p>\n<p>Det er lidt af en proces at skifte &#8211; det er ikke noget man g\u00f8r fra den ene dag til den anden. Jeg skal trappe ned af Concerta, mens jeg samtidig trapper op i Strattera. Den f\u00f8rste uge med laveste dosis af Strattera var der ingen bivirkninger. Nu jeg er p\u00e5 anden uge med fuld dosis og jeg er S\u00c5 TR\u00c6T! De sidste tre n\u00e6tter har jeg sovet virkelig d\u00e5rligt og alt for kort tid. Og da jeg samtidig er trappet ned i Concerta, har jeg ikke l\u00e6ngere den opkvikkende effekt fra det. S\u00e5 jeg f\u00f8ler virkelig at jeg knap nok h\u00e6nger sammen. Kunne jeg dog ikke bare miste appetitten i stedet for? \ud83d\ude09<\/p>\n<p>Men jeg skal til samtale i Risskov igen i n\u00e6ste uge, s\u00e5 m\u00e5 vi se om ikke det er blevet bedre. Heldigvis mindskes bivirkningerne normalt med tiden. Jeg har ikke m\u00e6rket nogen effekt endnu &#8211; men det forventes ogs\u00e5 f\u00f8rst efter 2-4 uger, s\u00e5 jeg m\u00e5 vente og se et par uger endnu.<\/p>\n<hr \/>\n<p>Lidt n\u00f8rdede oplysninger om de to forskellige slags medicin:<\/p>\n<p>Methylphenidat (det aktive stof i Concerta og Ritalin)\u00a0virker stimulerende p\u00e5 centralnervesystemet og virker ret hurtigt efter indtagelsen og effekten aftager over 3-4 timer. Som depotkapsel virker det ogs\u00e5 ret hurtigt, men effekten holder 8-12 timer med mindre udsving. Methylphenidat er f\u00f8rstevalg til behandling af ADHD i Danmark.<\/p>\n<p>Atomoxetin (det aktive stof i Strattera) virker ved at h\u00e6mme transporten af noradrenalin i hjernen. Det har ingen stimulerende effekt og der er ingen risiko for afh\u00e6ngighed. Det virker f\u00f8rst efter flere uger og der kan g\u00e5 l\u00e6ngere tid inden der er fuld effekt. Til geng\u00e6ld d\u00e6kker det hele d\u00f8gnet med blot en kapsel om dagen.<\/p>\n","protected":false},"excerpt":{"rendered":"<p>Da jeg fik konstateret ADHD startede jeg p\u00e5 Concerta. Det er Ritalin som depotkapsel, s\u00e5 i stedet for at man\u00a0f\u00e5r en fuld dosis og skal tage hver 3.-4. time, s\u00e5 kan man n\u00f8jes med at tage om morgenen og s\u00e5 udl\u00f8ses medicinen langsomt over dagen. Det virkede rigtig godt i starten &#8211; kun en smule [&hellip;]<\/p>\n","protected":false},"author":1,"featured_media":0,"comment_status":"open","ping_status":"open","sticky":false,"template":"","format":"standard","meta":{"footnotes":""},"categories":[1],"tags":[12,44,43,42,45],"class_list":["post-82","post","type-post","status-publish","format-standard","hentry","category-uncategorized","tag-adhd","tag-brok","tag-medicin","tag-struktur","tag-sygehus"],"_links":{"self":[{"href":"https:\/\/www.jeg-enautist.dk\/blog\/index.php\/wp-json\/wp\/v2\/posts\/82","targetHints":{"allow":["GET"]}}],"collection":[{"href":"https:\/\/www.jeg-enautist.dk\/blog\/index.php\/wp-json\/wp\/v2\/posts"}],"about":[{"href":"https:\/\/www.jeg-enautist.dk\/blog\/index.php\/wp-json\/wp\/v2\/types\/post"}],"author":[{"embeddable":true,"href":"https:\/\/www.jeg-enautist.dk\/blog\/index.php\/wp-json\/wp\/v2\/users\/1"}],"replies":[{"embeddable":true,"href":"https:\/\/www.jeg-enautist.dk\/blog\/index.php\/wp-json\/wp\/v2\/comments?post=82"}],"version-history":[{"count":2,"href":"https:\/\/www.jeg-enautist.dk\/blog\/index.php\/wp-json\/wp\/v2\/posts\/82\/revisions"}],"predecessor-version":[{"id":88,"href":"https:\/\/www.jeg-enautist.dk\/blog\/index.php\/wp-json\/wp\/v2\/posts\/82\/revisions\/88"}],"wp:attachment":[{"href":"https:\/\/www.jeg-enautist.dk\/blog\/index.php\/wp-json\/wp\/v2\/media?parent=82"}],"wp:term":[{"taxonomy":"category","embeddable":true,"href":"https:\/\/www.jeg-enautist.dk\/blog\/index.php\/wp-json\/wp\/v2\/categories?post=82"},{"taxonomy":"post_tag","embeddable":true,"href":"https:\/\/www.jeg-enautist.dk\/blog\/index.php\/wp-json\/wp\/v2\/tags?post=82"}],"curies":[{"name":"wp","href":"https:\/\/api.w.org\/{rel}","templated":true}]}}