{"id":78,"date":"2016-10-14T11:51:34","date_gmt":"2016-10-14T09:51:34","guid":{"rendered":"http:\/\/www.jeg-enautist.dk\/blog\/?p=78"},"modified":"2016-10-14T11:55:37","modified_gmt":"2016-10-14T09:55:37","slug":"nar-behov-clasher","status":"publish","type":"post","link":"https:\/\/www.jeg-enautist.dk\/blog\/index.php\/2016\/10\/14\/nar-behov-clasher\/","title":{"rendered":"N\u00e5r behov clasher"},"content":{"rendered":"<div id=\"attachment_80\" style=\"width: 235px\" class=\"wp-caption alignright\"><a href=\"http:\/\/www.jeg-enautist.dk\/blog\/wp-content\/uploads\/2016\/10\/PA020513.jpg\"><img loading=\"lazy\" decoding=\"async\" aria-describedby=\"caption-attachment-80\" class=\" wp-image-80\" src=\"http:\/\/www.jeg-enautist.dk\/blog\/wp-content\/uploads\/2016\/10\/PA020513-300x225.jpg\" alt=\"Kaylee nyder det.\" width=\"225\" height=\"169\" srcset=\"https:\/\/www.jeg-enautist.dk\/blog\/wp-content\/uploads\/2016\/10\/PA020513-300x225.jpg 300w, https:\/\/www.jeg-enautist.dk\/blog\/wp-content\/uploads\/2016\/10\/PA020513-619x464.jpg 619w, https:\/\/www.jeg-enautist.dk\/blog\/wp-content\/uploads\/2016\/10\/PA020513.jpg 640w\" sizes=\"auto, (max-width: 225px) 100vw, 225px\" \/><\/a><p id=\"caption-attachment-80\" class=\"wp-caption-text\">Kaylee nyder det.<\/p><\/div>\n<p>I ugen op til efter\u00e5rsferien har der v\u00e6ret emneuge i skolen. Emneuger kan v\u00e6re sp\u00e6ndende og en god afveksling fra hverdagen. Men n\u00e5r man er autist, s\u00e5 er emneuger ikke noget der st\u00e5r h\u00f8jt p\u00e5 \u00f8nskesedlen. Den s\u00e6dvanlige struktur bliver brudt og dagen bliver helt uforudsigelig. Og det har vi specielt kunnet m\u00e6rke p\u00e5 Ellen. S\u00e5 i g\u00e5r besluttede vi, at hun fik fri i dag, hvor der skulle v\u00e6re Skolernes Motionsl\u00f8b. For Ellen er det en ret kaotisk begivenhed, s\u00e5 n\u00e5r hun i forvejen n\u00e6sten ikke kunne mere, s\u00e5 ville det v\u00e6re at presse hende for meget. Hun har simpelthen brug for en dag hjemme i sofaen inden hun skal p\u00e5 Egeh\u00f8j (en aflastningsinstitution) i weekenden.<\/p>\n<p>Jeg har ogs\u00e5 haft en uge med mange ting og n\u00e6ste uge bliver ogs\u00e5 h\u00e5rd for mig, fordi det ikke er en normal uge med den s\u00e6dvanlige struktur og med langt f\u00e6rre perioder, hvor jeg kan v\u00e6re mig selv. Jeg har brug for meget alenetid, hvor der er ro i huset og hvor der ikke er nogle krav til mig. Og de perioder er der ikke mange af i en ferie. S\u00e5 jeg havde gl\u00e6det mig til en fredag, hvor jeg bare skulle slappe af og lade op til efter\u00e5rsferien.<\/p>\n<p>Men som alle for\u00e6ldre ved, s\u00e5 kommer b\u00f8rnene i f\u00f8rste r\u00e6kke. S\u00e5 nu sidder Ellen i sofaen med sin computer og larmer, s\u00e5 jeg ikke kan holde ud til at v\u00e6re i n\u00e6rheden. Hun vil helst have, at jeg er sammen med hende og vil gerne fort\u00e6lle mig alt hvad der sker p\u00e5 hendes sk\u00e6rm &#8211; men kan ikke forst\u00e5, at jeg ikke synes det er rart at kunne h\u00f8re alt lyden fra hendes computer og at jeg ikke gider h\u00f8re om hvad Freddy og Bonnie g\u00f8r. S\u00e5 jeg tager en dyb ind\u00e5nding og siger til mig selv, at jeg m\u00e5 g\u00e5 tidligt i seng i aften.<\/p>\n<p>Hvis Ellen var blevet sendt i skole i dag, s\u00e5 er det ikke sikkert at hun kunne v\u00e6re kommet p\u00e5 Egeh\u00f8j i weekenden og hendes stressniveau havde v\u00e6ret t\u00e5rnh\u00f8jt og havde formentlig gjort efter\u00e5rsferien endnu mere konfliktfyldt end den bliver &#8211; ferier er altid h\u00e5rde, fordi den s\u00e6dvanlige struktur er brudt, men er stressniveauet for h\u00f8jt allerede inden ferien, s\u00e5 g\u00e5r det helt galt.<\/p>\n<p>Til geng\u00e6ld ville jeg have haft lidt mere overskud. Nu er det mig der g\u00e5r ind i ferieugen med lidt ekstra stress i rygs\u00e6kken. Men jeg er bedre til at presse mig selv ud over stressen og er bedre i stand til at fungere i kortere perioder uden pauser end Ellen er. S\u00e5 jeg h\u00e5ber det hele g\u00e5r.<\/p>\n<p>Og egentlig er det ogs\u00e5 ganske hyggeligt at sidde her i sofaen med Kaylee snorkende mellem os &#8211; jeg skal bare lige acceptere at det er s\u00e5dan, f\u00f8r jeg kan hygge mig med det. Mine forestillinger om dagen og min struktur er jo blevet brudt &#8211; og det skal jeg lige komme mig over og acceptere den nye virkelighed. Nogle gange er det meget sv\u00e6rt for mig &#8211; i dag g\u00e5r det nogenlunde.<\/p>\n","protected":false},"excerpt":{"rendered":"<p>I ugen op til efter\u00e5rsferien har der v\u00e6ret emneuge i skolen. Emneuger kan v\u00e6re sp\u00e6ndende og en god afveksling fra hverdagen. Men n\u00e5r man er autist, s\u00e5 er emneuger ikke noget der st\u00e5r h\u00f8jt p\u00e5 \u00f8nskesedlen. Den s\u00e6dvanlige struktur bliver brudt og dagen bliver helt uforudsigelig. Og det har vi specielt kunnet m\u00e6rke p\u00e5 Ellen. [&hellip;]<\/p>\n","protected":false},"author":1,"featured_media":0,"comment_status":"open","ping_status":"open","sticky":false,"template":"","format":"standard","meta":{"footnotes":""},"categories":[7,4,30],"tags":[40,9,10,41,18,23,33,42],"class_list":["post-78","post","type-post","status-publish","format-standard","hentry","category-autisme","category-born","category-stress","tag-aflastning","tag-autisme","tag-born","tag-ferie","tag-foraeldre","tag-sensitiv","tag-stress","tag-struktur"],"_links":{"self":[{"href":"https:\/\/www.jeg-enautist.dk\/blog\/index.php\/wp-json\/wp\/v2\/posts\/78","targetHints":{"allow":["GET"]}}],"collection":[{"href":"https:\/\/www.jeg-enautist.dk\/blog\/index.php\/wp-json\/wp\/v2\/posts"}],"about":[{"href":"https:\/\/www.jeg-enautist.dk\/blog\/index.php\/wp-json\/wp\/v2\/types\/post"}],"author":[{"embeddable":true,"href":"https:\/\/www.jeg-enautist.dk\/blog\/index.php\/wp-json\/wp\/v2\/users\/1"}],"replies":[{"embeddable":true,"href":"https:\/\/www.jeg-enautist.dk\/blog\/index.php\/wp-json\/wp\/v2\/comments?post=78"}],"version-history":[{"count":2,"href":"https:\/\/www.jeg-enautist.dk\/blog\/index.php\/wp-json\/wp\/v2\/posts\/78\/revisions"}],"predecessor-version":[{"id":81,"href":"https:\/\/www.jeg-enautist.dk\/blog\/index.php\/wp-json\/wp\/v2\/posts\/78\/revisions\/81"}],"wp:attachment":[{"href":"https:\/\/www.jeg-enautist.dk\/blog\/index.php\/wp-json\/wp\/v2\/media?parent=78"}],"wp:term":[{"taxonomy":"category","embeddable":true,"href":"https:\/\/www.jeg-enautist.dk\/blog\/index.php\/wp-json\/wp\/v2\/categories?post=78"},{"taxonomy":"post_tag","embeddable":true,"href":"https:\/\/www.jeg-enautist.dk\/blog\/index.php\/wp-json\/wp\/v2\/tags?post=78"}],"curies":[{"name":"wp","href":"https:\/\/api.w.org\/{rel}","templated":true}]}}