{"id":17,"date":"2016-09-20T20:43:15","date_gmt":"2016-09-20T18:43:15","guid":{"rendered":"http:\/\/www.jeg-enautist.dk\/blog\/?p=17"},"modified":"2016-09-29T14:04:38","modified_gmt":"2016-09-29T12:04:38","slug":"er-man-autist-eller-har-man-autisme","status":"publish","type":"post","link":"https:\/\/www.jeg-enautist.dk\/blog\/index.php\/2016\/09\/20\/er-man-autist-eller-har-man-autisme\/","title":{"rendered":"Er man autist eller har man autisme?"},"content":{"rendered":"<p>Er man autist eller har man autisme? Det er der meget delte meninger og st\u00e6rke f\u00f8lelser om.<\/p>\n<p>Jeg er autist. For mig er autismen en integreret del af hvem jeg er &#8211; uden autismen ville jeg ikke v\u00e6re mig. Og n\u00e5r jeg omtaler mig selv som autist er det ogs\u00e5 naturligt for pigerne at g\u00f8re det, b\u00e5de om mig og om dem selv.<\/p>\n<p>Andre f\u00f8ler, at det at omtale et menneske med autisme som en autist svarer til at definere mennesket som en diagnose og ikke et helt menneske &#8211; at det stigmatiserer mennesket, s\u00e5 man ikke ser mennesket bag diagnosen.<\/p>\n<p>Min erfaring siger mig, at det typisk er for\u00e6ldre til b\u00f8rn med autisme, der har et problem med at deres b\u00f8rn bliver omtalt som autister. Muligvis fordi de er bange for at andre ikke ser hele barnet, men ser sig blind p\u00e5 barnets diagnose. Muligvis fordi de ikke \u00f8nsker at autismen skal blive en del af barnets identitet. Muligvis fordi de h\u00e5ber p\u00e5 at barnet kan helbredes for autismen.<\/p>\n<p>Jeg har lidt sv\u00e6rt ved at s\u00e6tte mig ind i det (men nu er jeg jo ogs\u00e5 autist :)), for jeg synes netop at autismen er en betydelige del af min identitet. Jeg kan ikke skille autismen ud fra alt det andet\u00a0der g\u00f8r, at jeg er mig.<\/p>\n<p>Men helt generelt synes jeg det bedste man kan g\u00f8re, er at sp\u00f8rge. P\u00e5 den m\u00e5de kommer man ikke til at tr\u00e6de nogen over t\u00e6erne.<\/p>\n","protected":false},"excerpt":{"rendered":"<p>Er man autist eller har man autisme? Det er der meget delte meninger og st\u00e6rke f\u00f8lelser om. Jeg er autist. For mig er autismen en integreret del af hvem jeg er &#8211; uden autismen ville jeg ikke v\u00e6re mig. Og n\u00e5r jeg omtaler mig selv som autist er det ogs\u00e5 naturligt for pigerne at g\u00f8re [&hellip;]<\/p>\n","protected":false},"author":1,"featured_media":0,"comment_status":"open","ping_status":"open","sticky":false,"template":"","format":"standard","meta":{"footnotes":""},"categories":[7],"tags":[9,10,17,18,19],"class_list":["post-17","post","type-post","status-publish","format-standard","hentry","category-autisme","tag-autisme","tag-born","tag-etik","tag-foraeldre","tag-nt"],"_links":{"self":[{"href":"https:\/\/www.jeg-enautist.dk\/blog\/index.php\/wp-json\/wp\/v2\/posts\/17","targetHints":{"allow":["GET"]}}],"collection":[{"href":"https:\/\/www.jeg-enautist.dk\/blog\/index.php\/wp-json\/wp\/v2\/posts"}],"about":[{"href":"https:\/\/www.jeg-enautist.dk\/blog\/index.php\/wp-json\/wp\/v2\/types\/post"}],"author":[{"embeddable":true,"href":"https:\/\/www.jeg-enautist.dk\/blog\/index.php\/wp-json\/wp\/v2\/users\/1"}],"replies":[{"embeddable":true,"href":"https:\/\/www.jeg-enautist.dk\/blog\/index.php\/wp-json\/wp\/v2\/comments?post=17"}],"version-history":[{"count":2,"href":"https:\/\/www.jeg-enautist.dk\/blog\/index.php\/wp-json\/wp\/v2\/posts\/17\/revisions"}],"predecessor-version":[{"id":55,"href":"https:\/\/www.jeg-enautist.dk\/blog\/index.php\/wp-json\/wp\/v2\/posts\/17\/revisions\/55"}],"wp:attachment":[{"href":"https:\/\/www.jeg-enautist.dk\/blog\/index.php\/wp-json\/wp\/v2\/media?parent=17"}],"wp:term":[{"taxonomy":"category","embeddable":true,"href":"https:\/\/www.jeg-enautist.dk\/blog\/index.php\/wp-json\/wp\/v2\/categories?post=17"},{"taxonomy":"post_tag","embeddable":true,"href":"https:\/\/www.jeg-enautist.dk\/blog\/index.php\/wp-json\/wp\/v2\/tags?post=17"}],"curies":[{"name":"wp","href":"https:\/\/api.w.org\/{rel}","templated":true}]}}